{"id":619,"date":"2020-09-29T20:45:00","date_gmt":"2020-09-29T20:45:00","guid":{"rendered":"https:\/\/www.gehmituns.at\/?p=619"},"modified":"2024-02-16T20:46:49","modified_gmt":"2024-02-16T20:46:49","slug":"herbstflohmarkt-2020","status":"publish","type":"post","link":"https:\/\/www.gehmituns.at\/?p=619","title":{"rendered":"Herbstflohmarkt 2020"},"content":{"rendered":"\n<p>Der Herbstflohmarkt findet diesmal&nbsp;<strong>NICHT im Stadtsaal, sondern in Kapellerfeld<\/strong>&nbsp;statt! Hier gibt es alle Infos.<\/p>\n\n\n\n<p>Liebe Begleiter*innen: Mitglieder, Freund*innen, Spender*innen, Gesch\u00e4ftspartner*innen, Kolleg*innen \u2026 alle, die mit uns gehen!<\/p>\n\n\n\n<p>Hier die&nbsp;<strong>Flohmarkt-Info in K\u00fcrze<\/strong>&nbsp;\u2013 unten dann mit allen Informationen \u201edrumherum\u201c.<\/p>\n\n\n\n<p>!!! Der Flohmarkt findet diesmal&nbsp;<strong>NICHT im gesperrten Stadtsaal, sondern<\/strong>&nbsp;im Geh mit uns \u2013 Haus,&nbsp;<strong>F\u00f6hrengasse 39-41, 2201 KAPELLERFELD<\/strong>, statt! !!!<\/p>\n\n\n\n<p>Unsere R\u00e4ume sind VIEL KLEINER, daher bitten wir unsere lieben Sammler*innen\/Lieferant*innen darum, die&nbsp;<strong>Sachspenden<\/strong>&nbsp;noch einmal&nbsp;<strong>durchzusortieren<\/strong>&nbsp;und nur die&nbsp;<strong>besten, ausgew\u00e4hlten St\u00fccke<\/strong>&nbsp;zu bringen.<\/p>\n\n\n\n<p>Auf Grund der aktuellen Covid-19-Ma\u00dfnahmen sind eine&nbsp;<strong>schriftliche Anmeldung<\/strong>&nbsp;und ein&nbsp;<strong>Time-Slot-System<\/strong>&nbsp;(ein&nbsp;<strong>Slot<\/strong>&nbsp;= eine&nbsp;<strong>volle Stunde<\/strong>) n\u00f6tig.<\/p>\n\n\n\n<p><strong>Bitte antwortet daf\u00fcr auf diese Nachricht, falls Ihr kommen wollt (f\u00fcr \u201eAnlieferung\u201c und\/oder \u201eFlohmarktbesuch\u201c) und gebt dabei bitte bekannt, an welchem Tag und zu welcher vollen Stunde Ihr vorbeikommt, bitte wie derzeit auch bei uns vorgeschrieben mit Mund-Nasen-Schutz. Handdesinfektion steht bei uns bereit.<\/strong><\/p>\n\n\n\n<p><strong>Eure Antworten lauten zum Beispiel: \u201eIch komme am Freitag, 09.10., um 14:00 als Flohmarktbesucherin.\u201c Oder: \u201eIch komme am Mittwoch, 07.10., um 16:00 zur Anlieferung und bringe ca. 6 Bananenschachteln Sachspenden mit.\u201c<\/strong><\/p>\n\n\n\n<p>!!! F\u00fcr die Anlieferungsanmeldung schreibt bitte unbedingt eine solche&nbsp;<strong>Sch\u00e4tzung der Menge<\/strong>&nbsp;dazu! !!!<\/p>\n\n\n\n<p>Wir werden Eure Anmeldungen auf jeden Fall beantworten \u2013 immer die ersten 10 positiv \u2026 danach mit der Bitte um einen anderen Termin \u2026<\/p>\n\n\n\n<p>Die&nbsp;<strong>Anlieferungstage \u00fcbersichtlich<\/strong>:<\/p>\n\n\n\n<figure class=\"wp-block-table\"><table><tbody><tr><td>Mittwoch, 07.10.2020<\/td><td>16:00 bis 20:00<\/td><\/tr><tr><td>Freitag, 09.10.2020<\/td><td>16:00 bis 20:00<\/td><\/tr><tr><td>Dienstag, 13.10.2020<\/td><td>16:00 bis 20:00<\/td><\/tr><tr><td>Donnerstag, 15.10.2020<\/td><td>16:00 bis 20:00<\/td><\/tr><\/tbody><\/table><\/figure>\n\n\n\n<p>Die&nbsp;<strong>Flohmarkttage \u00fcbersichtlich<\/strong>:<\/p>\n\n\n\n<figure class=\"wp-block-table\"><table><tbody><tr><td>Montag, 5. Oktober 2020<\/td><td>16:00 bis 20:00<\/td><\/tr><tr><td>Dienstag, 6. Oktober 2020<\/td><td>16:00 bis 20:00<\/td><\/tr><tr><td>Mittwoch, 7. Oktober 2020<\/td><td>16:00 bis 20:00<\/td><\/tr><tr><td>Donnerstag, 8. Oktober 2020<\/td><td>16:00 bis 20:00<\/td><\/tr><tr><td><\/td><td><\/td><\/tr><tr><td>Freitag, 9. Oktober 2020<\/td><td>14:00 bis 20:00<\/td><\/tr><tr><td><\/td><td><\/td><\/tr><tr><td>Samstag, 10. Oktober 2020<\/td><td>12:00 bis 18:00<\/td><\/tr><tr><td>Sonntag, 11. Oktober 2020<\/td><td>12:00 bis 18:00<\/td><\/tr><tr><td><\/td><td><\/td><\/tr><tr><td>Montag, 12. Oktober 2020<\/td><td>16:00 bis 20:00<\/td><\/tr><tr><td>Dienstag, 13. Oktober 2020<\/td><td>16:00 bis 20:00<\/td><\/tr><tr><td>Mittwoch, 14. Oktober 2020<\/td><td>16:00 bis 20:00<\/td><\/tr><tr><td>Donnerstag, 15. Oktober 2020<\/td><td>16:00 bis 20:00<\/td><\/tr><tr><td><\/td><td><\/td><\/tr><tr><td>Freitag, 16. Oktober 2020<\/td><td>14:00 bis 20:00<\/td><\/tr><tr><td><\/td><td><\/td><\/tr><tr><td>Samstag, 17. Oktober 2020<\/td><td>12:00 bis 18:00<\/td><\/tr><tr><td>Sonntag, 18. Oktober 2020<\/td><td>12:00 bis 18:00<\/td><\/tr><\/tbody><\/table><\/figure>\n\n\n\n<p><strong>Wir hoffen sehr, dass es uns allen gemeinsam gelingt, in dieser Form einen gelungenen Flohmarkt auf die Beine zu stellen \u2013 also: diesmal in dieser neuen Form mit einander zu gehen!<\/strong><\/p>\n\n\n\n<p>Sigi, Nicole, Thomas, Matthias, Maja, Sophie, Martin, Michael, Florian, Pauli, Hannah, Lukas, Birgit, Florian, Markus, Philipp, Johann, Lena, Max, Oliver, Bernhard, Claudia, Christa, Walter, Felix, Patrizia, Lisa, Sabine, Verena, Maria, Ciara, Daniel, Magda, Clara und Sabine<\/p>\n\n\n\n<p>So, und hier die \u201eLangversion\u201c:<\/p>\n\n\n\n<p>\ud83d\ude0a Der Geh-mit-uns-Herbstflohmarkt soll nicht einfach ausfallen wie der Fr\u00fchjahrsflohmarkt. \ud83d\ude0a<\/p>\n\n\n\n<ul class=\"wp-block-list\">\n<li>So viele Helfer*innen haben brauchbare Dinge gesammelt,<\/li>\n\n\n\n<li>so viele Flohmarktgeher*innen haben uns geschrieben und gesagt, wie schade sie das fanden.<\/li>\n\n\n\n<li>Auch f\u00fcr uns w\u00fcrde der Ausfall des Flohmarktes einen herben Verlust bedeuten \u2013 nicht zuletzt auch einen Verlust an Kontakt mit vielen Menschen, die \u201emit uns gehen\u201c.<\/li>\n<\/ul>\n\n\n\n<p>Mitten in unsere \u00dcberlegungen hinein kam die Nachricht, dass uns wegen Covid19 der Gerasdorfer Stadtsaal nicht zur Verf\u00fcgung stehen wird.<\/p>\n\n\n\n<p>Wenn wir daher versuchen, den Flohmarkt unter den gegebenen Umst\u00e4nden abzuhalten, dann wird das nur in \u201eabgespecktem Format\u201c m\u00f6glich sein und mit viel gutem Willen zur Achtsamkeit, was den Umgang mit Covid19 und den jeweils geltenden Vorschriften und Empfehlungen betrifft.<\/p>\n\n\n\n<p>In der derzeitigen Situation wird der Flohmarkt als private Veranstaltung im Geh-mit-uns-Haus (F\u00f6hrengasse 39-41, 2201 Kapellerfeld \u2013 Zirkuszelt und Innenhof) mit jeweils maximal 10 anwesenden Personen stattfinden, die nach ihrer Anmeldung von uns eine pers\u00f6nliche Einladung f\u00fcr einen bestimmten Zeitrahmen bekommen haben.<\/p>\n\n\n\n<p>Keine Angst, das ist weniger kompliziert, als es zun\u00e4chst klingt:<\/p>\n\n\n\n<ol class=\"wp-block-list\">\n<li>\u201eAnlieferung\u201c:\n<ol class=\"wp-block-list\">\n<li>Wir bitten Euch, gesammelte Flohmarktsachen noch einmal durchzusortieren und nur die \u201esch\u00f6nste Auswahl\u201c zu bringen \u2013 der Platz ist doch beschr\u00e4nkt.<\/li>\n\n\n\n<li>Mittwoch, 07.10.2020; Freitag, 09.10.2020; Dienstag, 13.10.2020, und Donnerstag, 15.10.2020, freuen wir uns, Flohmarktspenden entgegenzunehmen, jeweils von 16 bis 20 Uhr.<\/li>\n\n\n\n<li>Schreibt uns bitte eine E-Mail (<a href=\"mailto:gmu95@gmx.at\">gmu95@gmx.at<\/a>), welchen dieser Tage Ihr nutzen wollt, und auch wie viel Menge Ihr bringen wollt (\u201ein Bananenkisten gesch\u00e4tzt\u201c)! Dann schreiben wir Euch zur\u00fcck, ob es an diesem Termin in dieser Menge geht, und laden Euch pers\u00f6nlich dazu ein.<\/li>\n\n\n\n<li>Dann erfolgt die \u00dcbergabe der Flohmarktsachen vor dem Haus im Freien.<\/li>\n<\/ol>\n<\/li>\n\n\n\n<li>\u201eFlohmarkt\u201c:\n<ol class=\"wp-block-list\">\n<li>Der Flohmarkt dauert von Montag, 05.10.2020, bis Sonntag, 18.10.2020. Montag bis Donnerstag ist er stundenweise von 16:00 bis 20:00 ge\u00f6ffnet, am Freitag stundenweise von 14:00 bis 20:00, am Wochenende stundenweise von 12:00 bis 18:00.<\/li>\n\n\n\n<li>Bitte schreibt uns eine E-Mail (<a href=\"mailto:gmu95@gmx.at\">gmu95@gmx.at<\/a>), an welchem dieser Tage Ihr welche Stunde nutzen wollt! Wir schreiben dann zur\u00fcck, ob es an diesem Termin m\u00f6glich ist, und laden Euch pers\u00f6nlich dazu ein.<\/li>\n<\/ol>\n<\/li>\n<\/ol>\n\n\n\n<p>Klar, dass es diesmal kein \u201egem\u00fctliches Herumlungern\u201c am Buffet gibt \ud83d\ude15 \u2026 klar, dass wir mit der Beschr\u00e4nkung auf weniger (daf\u00fcr wahrscheinlich exquisite \u2026 \ud83d\ude0a) Flohmarktsachen und mit der Beschr\u00e4nkung auf eine Stunde ein anderes Flohmarkterlebnis haben werden als gewohnt \u2026<\/p>\n\n\n\n<p>ABER: Wenn wir uns alle darauf einlassen, dann k\u00f6nnen doch \u00fcber 600 Personen \u2013 halt \u201ekleinweise portioniert\u201c &#8211; den Flohmarkt besuchen und wir so den Kontakt miteinander halten: \ud83d\ude0a\ud83d\ude0a\ud83d\ude0a<\/p>\n","protected":false},"excerpt":{"rendered":"<p>Der Herbstflohmarkt findet diesmal&nbsp;NICHT im Stadtsaal, sondern in Kapellerfeld&nbsp;statt! Hier gibt es alle Infos. Liebe Begleiter*innen: Mitglieder, Freund*innen, Spender*innen, Gesch\u00e4ftspartner*innen, Kolleg*innen \u2026 alle, die mit uns gehen! Hier die&nbsp;Flohmarkt-Info in K\u00fcrze&nbsp;\u2013 unten dann mit allen Informationen \u201edrumherum\u201c. !!! Der Flohmarkt findet diesmal&nbsp;NICHT im gesperrten Stadtsaal, sondern&nbsp;im Geh mit uns \u2013 Haus,&nbsp;F\u00f6hrengasse 39-41, 2201 KAPELLERFELD, statt! [&hellip;]<\/p>\n","protected":false},"author":1,"featured_media":354,"comment_status":"open","ping_status":"open","sticky":false,"template":"","format":"standard","meta":{"ocean_post_layout":"","ocean_both_sidebars_style":"","ocean_both_sidebars_content_width":0,"ocean_both_sidebars_sidebars_width":0,"ocean_sidebar":"","ocean_second_sidebar":"","ocean_disable_margins":"enable","ocean_add_body_class":"","ocean_shortcode_before_top_bar":"","ocean_shortcode_after_top_bar":"","ocean_shortcode_before_header":"","ocean_shortcode_after_header":"","ocean_has_shortcode":"","ocean_shortcode_after_title":"","ocean_shortcode_before_footer_widgets":"","ocean_shortcode_after_footer_widgets":"","ocean_shortcode_before_footer_bottom":"","ocean_shortcode_after_footer_bottom":"","ocean_display_top_bar":"default","ocean_display_header":"default","ocean_header_style":"","ocean_center_header_left_menu":"","ocean_custom_header_template":"","ocean_custom_logo":0,"ocean_custom_retina_logo":0,"ocean_custom_logo_max_width":0,"ocean_custom_logo_tablet_max_width":0,"ocean_custom_logo_mobile_max_width":0,"ocean_custom_logo_max_height":0,"ocean_custom_logo_tablet_max_height":0,"ocean_custom_logo_mobile_max_height":0,"ocean_header_custom_menu":"","ocean_menu_typo_font_family":"","ocean_menu_typo_font_subset":"","ocean_menu_typo_font_size":0,"ocean_menu_typo_font_size_tablet":0,"ocean_menu_typo_font_size_mobile":0,"ocean_menu_typo_font_size_unit":"px","ocean_menu_typo_font_weight":"","ocean_menu_typo_font_weight_tablet":"","ocean_menu_typo_font_weight_mobile":"","ocean_menu_typo_transform":"","ocean_menu_typo_transform_tablet":"","ocean_menu_typo_transform_mobile":"","ocean_menu_typo_line_height":0,"ocean_menu_typo_line_height_tablet":0,"ocean_menu_typo_line_height_mobile":0,"ocean_menu_typo_line_height_unit":"","ocean_menu_typo_spacing":0,"ocean_menu_typo_spacing_tablet":0,"ocean_menu_typo_spacing_mobile":0,"ocean_menu_typo_spacing_unit":"","ocean_menu_link_color":"","ocean_menu_link_color_hover":"","ocean_menu_link_color_active":"","ocean_menu_link_background":"","ocean_menu_link_hover_background":"","ocean_menu_link_active_background":"","ocean_menu_social_links_bg":"","ocean_menu_social_hover_links_bg":"","ocean_menu_social_links_color":"","ocean_menu_social_hover_links_color":"","ocean_disable_title":"default","ocean_disable_heading":"default","ocean_post_title":"","ocean_post_subheading":"","ocean_post_title_style":"","ocean_post_title_background_color":"","ocean_post_title_background":0,"ocean_post_title_bg_image_position":"","ocean_post_title_bg_image_attachment":"","ocean_post_title_bg_image_repeat":"","ocean_post_title_bg_image_size":"","ocean_post_title_height":0,"ocean_post_title_bg_overlay":0.5,"ocean_post_title_bg_overlay_color":"","ocean_disable_breadcrumbs":"default","ocean_breadcrumbs_color":"","ocean_breadcrumbs_separator_color":"","ocean_breadcrumbs_links_color":"","ocean_breadcrumbs_links_hover_color":"","ocean_display_footer_widgets":"default","ocean_display_footer_bottom":"default","ocean_custom_footer_template":"","ocean_post_oembed":"","ocean_post_self_hosted_media":"","ocean_post_video_embed":"","ocean_link_format":"","ocean_link_format_target":"self","ocean_quote_format":"","ocean_quote_format_link":"post","ocean_gallery_link_images":"on","ocean_gallery_id":[],"footnotes":""},"categories":[1],"tags":[],"class_list":["post-619","post","type-post","status-publish","format-standard","has-post-thumbnail","hentry","category-uncategorized","entry","has-media"],"_links":{"self":[{"href":"https:\/\/www.gehmituns.at\/index.php?rest_route=\/wp\/v2\/posts\/619","targetHints":{"allow":["GET"]}}],"collection":[{"href":"https:\/\/www.gehmituns.at\/index.php?rest_route=\/wp\/v2\/posts"}],"about":[{"href":"https:\/\/www.gehmituns.at\/index.php?rest_route=\/wp\/v2\/types\/post"}],"author":[{"embeddable":true,"href":"https:\/\/www.gehmituns.at\/index.php?rest_route=\/wp\/v2\/users\/1"}],"replies":[{"embeddable":true,"href":"https:\/\/www.gehmituns.at\/index.php?rest_route=%2Fwp%2Fv2%2Fcomments&post=619"}],"version-history":[{"count":1,"href":"https:\/\/www.gehmituns.at\/index.php?rest_route=\/wp\/v2\/posts\/619\/revisions"}],"predecessor-version":[{"id":620,"href":"https:\/\/www.gehmituns.at\/index.php?rest_route=\/wp\/v2\/posts\/619\/revisions\/620"}],"wp:featuredmedia":[{"embeddable":true,"href":"https:\/\/www.gehmituns.at\/index.php?rest_route=\/wp\/v2\/media\/354"}],"wp:attachment":[{"href":"https:\/\/www.gehmituns.at\/index.php?rest_route=%2Fwp%2Fv2%2Fmedia&parent=619"}],"wp:term":[{"taxonomy":"category","embeddable":true,"href":"https:\/\/www.gehmituns.at\/index.php?rest_route=%2Fwp%2Fv2%2Fcategories&post=619"},{"taxonomy":"post_tag","embeddable":true,"href":"https:\/\/www.gehmituns.at\/index.php?rest_route=%2Fwp%2Fv2%2Ftags&post=619"}],"curies":[{"name":"wp","href":"https:\/\/api.w.org\/{rel}","templated":true}]}}